{"id":1540,"date":"2023-08-28T09:59:24","date_gmt":"2023-08-28T07:59:24","guid":{"rendered":"https:\/\/www.roofsec.com\/?p=1540"},"modified":"2026-04-01T07:50:10","modified_gmt":"2026-04-01T05:50:10","slug":"gemeindetag-innsbruck-2023","status":"publish","type":"post","link":"https:\/\/www.roofsec.com\/de\/blog\/gemeindetag-innsbruck-2023\/","title":{"rendered":"roofSec am 69. \u00d6sterreichischen Gemeindetag in Innsbruck"},"content":{"rendered":"\n<div id=\"ez-toc-container\" class=\"ez-toc-v2_0_82_2 counter-hierarchy ez-toc-counter ez-toc-grey ez-toc-container-direction\">\n<div class=\"ez-toc-title-container\">\n<p class=\"ez-toc-title\" style=\"cursor:inherit\">Inhaltsverzeichnis<\/p>\n<span class=\"ez-toc-title-toggle\"><a href=\"#\" class=\"ez-toc-pull-right ez-toc-btn ez-toc-btn-xs ez-toc-btn-default ez-toc-toggle\" aria-label=\"Toggle Table of Content\"><span class=\"ez-toc-js-icon-con\"><span class=\"\"><span class=\"eztoc-hide\" style=\"display:none;\">Toggle<\/span><span class=\"ez-toc-icon-toggle-span\"><svg style=\"fill: #999;color:#999\" xmlns=\"http:\/\/www.w3.org\/2000\/svg\" class=\"list-377408\" width=\"20px\" height=\"20px\" viewBox=\"0 0 24 24\" fill=\"none\"><path d=\"M6 6H4v2h2V6zm14 0H8v2h12V6zM4 11h2v2H4v-2zm16 0H8v2h12v-2zM4 16h2v2H4v-2zm16 0H8v2h12v-2z\" fill=\"currentColor\"><\/path><\/svg><svg style=\"fill: #999;color:#999\" class=\"arrow-unsorted-368013\" xmlns=\"http:\/\/www.w3.org\/2000\/svg\" width=\"10px\" height=\"10px\" viewBox=\"0 0 24 24\" version=\"1.2\" baseProfile=\"tiny\"><path d=\"M18.2 9.3l-6.2-6.3-6.2 6.3c-.2.2-.3.4-.3.7s.1.5.3.7c.2.2.4.3.7.3h11c.3 0 .5-.1.7-.3.2-.2.3-.5.3-.7s-.1-.5-.3-.7zM5.8 14.7l6.2 6.3 6.2-6.3c.2-.2.3-.5.3-.7s-.1-.5-.3-.7c-.2-.2-.4-.3-.7-.3h-11c-.3 0-.5.1-.7.3-.2.2-.3.5-.3.7s.1.5.3.7z\"\/><\/svg><\/span><\/span><\/span><\/a><\/span><\/div>\n<nav><ul class='ez-toc-list ez-toc-list-level-1 ' ><li class='ez-toc-page-1 ez-toc-heading-level-2'><a class=\"ez-toc-link ez-toc-heading-1\" href=\"https:\/\/www.roofsec.com\/de\/blog\/gemeindetag-innsbruck-2023\/#roofSec_auf_dem_69_Oesterreichischen_Gemeindetag\" >roofSec auf dem 69. \u00d6sterreichischen Gemeindetag<\/a><\/li><li class='ez-toc-page-1 ez-toc-heading-level-2'><a class=\"ez-toc-link ez-toc-heading-2\" href=\"https:\/\/www.roofsec.com\/de\/blog\/gemeindetag-innsbruck-2023\/#Nachhaltigkeit_als_Leitthema_der_Gemeindepolitik\" >Nachhaltigkeit als Leitthema der Gemeindepolitik<\/a><\/li><li class='ez-toc-page-1 ez-toc-heading-level-2'><a class=\"ez-toc-link ez-toc-heading-3\" href=\"https:\/\/www.roofsec.com\/de\/blog\/gemeindetag-innsbruck-2023\/#roofSec_als_Aussteller_Praevention_statt_Sanierung\" >roofSec als Aussteller: Pr\u00e4vention statt Sanierung<\/a><\/li><li class='ez-toc-page-1 ez-toc-heading-level-2'><a class=\"ez-toc-link ez-toc-heading-4\" href=\"https:\/\/www.roofsec.com\/de\/blog\/gemeindetag-innsbruck-2023\/#Warum_Gemeinden_auf_Flachdach-Monitoring_setzen_sollten\" >Warum Gemeinden auf Flachdach-Monitoring setzen sollten<\/a><\/li><\/ul><\/nav><\/div>\n<h2 class=\"wp-block-heading\"><span class=\"ez-toc-section\" id=\"roofSec_auf_dem_69_Oesterreichischen_Gemeindetag\"><\/span>roofSec auf dem 69. \u00d6sterreichischen Gemeindetag<span class=\"ez-toc-section-end\"><\/span><\/h2>\n\n\n\n<p>Der 69. \u00d6sterreichische Gemeindetag in Innsbruck \u2014 er\u00f6ffnet mit Ehrenformation und Kanonenschuss vor den Augen von Bundespr\u00e4sident Alexander Van der Bellen \u2014 stand ganz im Zeichen von <strong>Nachhaltigkeit, k\u00fcnstlicher Intelligenz und dem sinnvollen Einsatz \u00f6ffentlicher Mittel<\/strong>. Genau die richtige B\u00fchne f\u00fcr roofSec.<\/p>\n\n\n<div class=\"wp-block-image\">\n<figure class=\"aligncenter size-full\"><img loading=\"lazy\" decoding=\"async\" width=\"1024\" height=\"869\" src=\"https:\/\/www.roofsec.com\/wp-content\/uploads\/2023\/08\/Bundespra\u0308sident-Van-der-Bellen-roofSec-1024x869.jpg\" alt=\"Bundespr\u00e4sident Dr. Van der Bellen er\u00f6ffnet den 69. \u00d6sterreichischen Gemeindetag in Innsbruck\" class=\"wp-image-1542\" srcset=\"https:\/\/www.roofsec.com\/wp-content\/uploads\/2023\/08\/Bundespra\u0308sident-Van-der-Bellen-roofSec-1024x869.jpg 1024w, https:\/\/www.roofsec.com\/wp-content\/uploads\/2023\/08\/Bundespra\u0308sident-Van-der-Bellen-roofSec-300x255.jpg 300w, https:\/\/www.roofsec.com\/wp-content\/uploads\/2023\/08\/Bundespra\u0308sident-Van-der-Bellen-roofSec-768x652.jpg 768w, https:\/\/www.roofsec.com\/wp-content\/uploads\/2023\/08\/Bundespra\u0308sident-Van-der-Bellen-roofSec-14x12.jpg 14w, https:\/\/www.roofsec.com\/wp-content\/uploads\/2023\/08\/Bundespra\u0308sident-Van-der-Bellen-roofSec.jpg 1200w\" sizes=\"auto, (max-width: 1024px) 100vw, 1024px\" \/><figcaption class=\"wp-element-caption\">Bundespr\u00e4sident Dr. Van der Bellen bei der Er\u00f6ffnung des 69. \u00d6sterreichischen Gemeindetags<\/figcaption><\/figure>\n<\/div>\n\n\n<h2 class=\"wp-block-heading\"><span class=\"ez-toc-section\" id=\"Nachhaltigkeit_als_Leitthema_der_Gemeindepolitik\"><\/span>Nachhaltigkeit als Leitthema der Gemeindepolitik<span class=\"ez-toc-section-end\"><\/span><\/h2>\n\n\n\n<p>Die Themenwahl der Sprecher machte es deutlich: Neben Budgetfragen und KI-Entwicklungen stand vor allem die <strong>Nachhaltigkeitsentwicklung auf Gemeindeebene<\/strong> im Fokus. Das Spannungsfeld zwischen innovativen L\u00f6sungen f\u00fcr Nachhaltigkeitsprobleme und dem verantwortungsvollen Einsatz von Steuergeldern besch\u00e4ftigt die Gemeindepolitik \u2014 und genau hier setzt roofSec an.<\/p>\n\n\n\n<h2 class=\"wp-block-heading\"><span class=\"ez-toc-section\" id=\"roofSec_als_Aussteller_Praevention_statt_Sanierung\"><\/span>roofSec als Aussteller: Pr\u00e4vention statt Sanierung<span class=\"ez-toc-section-end\"><\/span><\/h2>\n\n\n\n<p>Neben zahlreichen Politikgr\u00f6\u00dfen und Gemeindevertretern waren auch innovative Unternehmen als Aussteller vertreten. Die roofSec GmbH pr\u00e4sentierte das Flachdach-Monitoring-System und vermittelte transparent:<\/p>\n\n\n\n<ul class=\"wp-block-list\">\n<li><strong>Technische Vorteile:<\/strong> Fl\u00e4chendeckende Leckageerkennung mit Sensorkabel + KI<\/li>\n<li><strong>Kosten\u00fcberlegung:<\/strong> Allein ein Trocknungsger\u00e4t nach einem Wasserschaden kostet mehr als die gesamte roofSec-Installation<\/li>\n<li><strong>Relevanz f\u00fcr Gemeinden:<\/strong> Besonders bei Dachbegr\u00fcnung und PV-Anlagen auf \u00f6ffentlichen Geb\u00e4uden ist aktives Monitoring dringend anzuraten<\/li>\n<\/ul>\n\n\n<div class=\"wp-block-image\">\n<figure class=\"aligncenter size-full\"><img loading=\"lazy\" decoding=\"async\" width=\"1024\" height=\"576\" src=\"https:\/\/www.roofsec.com\/wp-content\/uploads\/2023\/08\/Klimaaktiv-roofSec.jpg\" alt=\"roofSec CMO Martin Fridl im Gespr\u00e4ch mit klimaaktiv am Gemeindetag Innsbruck\" class=\"wp-image-1541\" srcset=\"https:\/\/www.roofsec.com\/wp-content\/uploads\/2023\/08\/Klimaaktiv-roofSec.jpg 1024w, https:\/\/www.roofsec.com\/wp-content\/uploads\/2023\/08\/Klimaaktiv-roofSec-300x169.jpg 300w, https:\/\/www.roofsec.com\/wp-content\/uploads\/2023\/08\/Klimaaktiv-roofSec-768x432.jpg 768w, https:\/\/www.roofsec.com\/wp-content\/uploads\/2023\/08\/Klimaaktiv-roofSec-18x10.jpg 18w\" sizes=\"auto, (max-width: 1024px) 100vw, 1024px\" \/><figcaption class=\"wp-element-caption\">roofSec CMO Martin Fridl diskutiert innovative L\u00f6sungen mit klimaaktiv<\/figcaption><\/figure>\n<\/div>\n\n\n<h2 class=\"wp-block-heading\"><span class=\"ez-toc-section\" id=\"Warum_Gemeinden_auf_Flachdach-Monitoring_setzen_sollten\"><\/span>Warum Gemeinden auf Flachdach-Monitoring setzen sollten<span class=\"ez-toc-section-end\"><\/span><\/h2>\n\n\n\n<p>\u00d6ffentliche Geb\u00e4ude \u2014 Schulen, Gemeinde\u00e4mter, Sporthallen, Feuerwehrh\u00e4user \u2014 haben \u00fcberproportional oft Flachd\u00e4cher. Gleichzeitig steigt der politische Druck zur Begr\u00fcnung und PV-Installation. Beides erh\u00f6ht das Risiko unsichtbarer Leckagen erheblich. Ein pr\u00e4ventives Monitoring-System sch\u00fctzt nicht nur das Geb\u00e4ude, sondern auch das <strong>Gemeindebudget vor unerwarteten Sanierungskosten<\/strong>.<\/p>\n\n\n\n<p>Mehr zum Thema <a href=\"https:\/\/www.roofsec.com\/de\/blog\/nachhaltigkeit\/\" target=\"_blank\" rel=\"noopener noreferrer\">Nachhaltigkeit und Flachdach-Monitoring<\/a> lesen Sie in unserem Fachbeitrag. Welche Kosten ein unentdeckter <a href=\"https:\/\/www.roofsec.com\/de\/blog\/wasserschaden-dach-versicherung-kosten-praevention\/\">Wasserschaden am Flachdach<\/a> verursachen kann, zeigt ein weiterer Beitrag.<\/p>\n\n\n\n<hr class=\"wp-block-separator has-alpha-channel-opacity\"\/>\n\n\n\n<p>Sie verwalten kommunale Geb\u00e4ude und m\u00f6chten Ihre Flachd\u00e4cher zukunftssicher machen? <a href=\"https:\/\/www.roofsec.com\/de\/contact\/\" target=\"_blank\" rel=\"noopener noreferrer\"><strong>Sprechen Sie uns an<\/strong><\/a> \u2014 die Beratung ist unverbindlich.<\/p>\n\n\n\n<div class=\"wp-block-buttons is-layout-flex wp-block-buttons-is-layout-flex\">\n\n<div class=\"wp-block-button\"><a class=\"wp-block-button__link has-white-color has-vivid-cyan-blue-background-color has-text-color has-background wp-element-button\" href=\"https:\/\/www.roofsec.com\/de\/products\/\" target=\"_blank\" rel=\"noopener noreferrer\">\u2192 Zum roofSec-Produktsystem<\/a><\/div>\n\n\n\n<div class=\"wp-block-button\"><a class=\"wp-block-button__link has-vivid-cyan-blue-color has-white-background-color has-text-color has-background wp-element-button\" href=\"https:\/\/www.roofsec.com\/de\/why-roofsec\/\">\u2192 Warum roofSec?<\/a><\/div>\n\n<\/div>\n","protected":false},"excerpt":{"rendered":"<p>roofSec pr\u00e4sentiert Flachdach-Monitoring auf dem 69. \u00d6sterreichischen Gemeindetag in Innsbruck \u2014 Pr\u00e4vention statt Sanierung f\u00fcr kommunale Geb\u00e4ude.<\/p>\n","protected":false},"author":1,"featured_media":1542,"comment_status":"open","ping_status":"open","sticky":false,"template":"","format":"standard","meta":{"_yoast_wpseo_focuskw":"roofSec Gemeindetag","_yoast_wpseo_title":"roofSec am 69. \u00d6sterreichischen Gemeindetag in Innsbruck","_yoast_wpseo_metadesc":"roofSec pr\u00e4sentiert das Flachdach-Monitoring-System am 69. \u00d6sterreichischen Gemeindetag in Innsbruck. Kommunen entdecken Predictive Maintenance.","footnotes":""},"categories":[13],"tags":[],"class_list":["post-1540","post","type-post","status-publish","format-standard","has-post-thumbnail","hentry","category-unternehmen","generate-columns","tablet-grid-50","mobile-grid-100","grid-parent","grid-33"],"yoast_head":"<!-- This site is optimized with the Yoast SEO plugin v27.5 - https:\/\/yoast.com\/product\/yoast-seo-wordpress\/ -->\n<title>roofSec am 69. \u00d6sterreichischen Gemeindetag in Innsbruck<\/title>\n<meta name=\"description\" content=\"roofSec pr\u00e4sentiert das Flachdach-Monitoring-System am 69. \u00d6sterreichischen Gemeindetag in Innsbruck. Kommunen entdecken Predictive Maintenance.\" \/>\n<meta name=\"robots\" content=\"index, follow, max-snippet:-1, max-image-preview:large, max-video-preview:-1\" \/>\n<link rel=\"canonical\" href=\"https:\/\/www.roofsec.com\/de\/blog\/gemeindetag-innsbruck-2023\/\" \/>\n<meta property=\"og:locale\" content=\"de_DE\" \/>\n<meta property=\"og:type\" content=\"article\" \/>\n<meta property=\"og:title\" content=\"roofSec am 69. \u00d6sterreichischen Gemeindetag in Innsbruck\" \/>\n<meta property=\"og:description\" content=\"roofSec pr\u00e4sentiert das Flachdach-Monitoring-System am 69. \u00d6sterreichischen Gemeindetag in Innsbruck. Kommunen entdecken Predictive Maintenance.\" \/>\n<meta property=\"og:url\" content=\"https:\/\/www.roofsec.com\/de\/blog\/gemeindetag-innsbruck-2023\/\" \/>\n<meta property=\"og:site_name\" content=\"roofSec\" \/>\n<meta property=\"article:publisher\" content=\"https:\/\/www.facebook.com\/Roofsec\" \/>\n<meta property=\"article:published_time\" content=\"2023-08-28T07:59:24+00:00\" \/>\n<meta property=\"article:modified_time\" content=\"2026-04-01T05:50:10+00:00\" \/>\n<meta property=\"og:image\" content=\"https:\/\/www.roofsec.com\/wp-content\/uploads\/2023\/08\/Bundespra\u0308sident-Van-der-Bellen-roofSec.jpg\" \/>\n\t<meta property=\"og:image:width\" content=\"1200\" \/>\n\t<meta property=\"og:image:height\" content=\"1018\" \/>\n\t<meta property=\"og:image:type\" content=\"image\/jpeg\" \/>\n<meta name=\"author\" content=\"Michael Prinz\" \/>\n<meta name=\"twitter:card\" content=\"summary_large_image\" \/>\n<meta name=\"twitter:label1\" content=\"Verfasst von\" \/>\n\t<meta name=\"twitter:data1\" content=\"Michael Prinz\" \/>\n\t<meta name=\"twitter:label2\" content=\"Gesch\u00e4tzte Lesezeit\" \/>\n\t<meta name=\"twitter:data2\" content=\"1\u00a0Minute\" \/>\n<script type=\"application\/ld+json\" class=\"yoast-schema-graph\">{\"@context\":\"https:\\\/\\\/schema.org\",\"@graph\":[{\"@type\":\"Article\",\"@id\":\"https:\\\/\\\/www.roofsec.com\\\/de\\\/blog\\\/gemeindetag-innsbruck-2023\\\/#article\",\"isPartOf\":{\"@id\":\"https:\\\/\\\/www.roofsec.com\\\/de\\\/blog\\\/gemeindetag-innsbruck-2023\\\/\"},\"author\":{\"name\":\"Michael Prinz\",\"@id\":\"https:\\\/\\\/www.roofsec.com\\\/de\\\/#\\\/schema\\\/person\\\/7520a1d6507a5737e11138cae8a29ceb\"},\"headline\":\"roofSec am 69. \u00d6sterreichischen Gemeindetag in Innsbruck\",\"datePublished\":\"2023-08-28T07:59:24+00:00\",\"dateModified\":\"2026-04-01T05:50:10+00:00\",\"mainEntityOfPage\":{\"@id\":\"https:\\\/\\\/www.roofsec.com\\\/de\\\/blog\\\/gemeindetag-innsbruck-2023\\\/\"},\"wordCount\":305,\"commentCount\":0,\"publisher\":{\"@id\":\"https:\\\/\\\/www.roofsec.com\\\/de\\\/#organization\"},\"image\":{\"@id\":\"https:\\\/\\\/www.roofsec.com\\\/de\\\/blog\\\/gemeindetag-innsbruck-2023\\\/#primaryimage\"},\"thumbnailUrl\":\"https:\\\/\\\/www.roofsec.com\\\/wp-content\\\/uploads\\\/2023\\\/08\\\/Bundespra\u0308sident-Van-der-Bellen-roofSec.jpg\",\"articleSection\":[\"Unternehmen\"],\"inLanguage\":\"de\",\"potentialAction\":[{\"@type\":\"CommentAction\",\"name\":\"Comment\",\"target\":[\"https:\\\/\\\/www.roofsec.com\\\/de\\\/blog\\\/gemeindetag-innsbruck-2023\\\/#respond\"]}]},{\"@type\":\"WebPage\",\"@id\":\"https:\\\/\\\/www.roofsec.com\\\/de\\\/blog\\\/gemeindetag-innsbruck-2023\\\/\",\"url\":\"https:\\\/\\\/www.roofsec.com\\\/de\\\/blog\\\/gemeindetag-innsbruck-2023\\\/\",\"name\":\"roofSec am 69. \u00d6sterreichischen Gemeindetag in Innsbruck\",\"isPartOf\":{\"@id\":\"https:\\\/\\\/www.roofsec.com\\\/de\\\/#website\"},\"primaryImageOfPage\":{\"@id\":\"https:\\\/\\\/www.roofsec.com\\\/de\\\/blog\\\/gemeindetag-innsbruck-2023\\\/#primaryimage\"},\"image\":{\"@id\":\"https:\\\/\\\/www.roofsec.com\\\/de\\\/blog\\\/gemeindetag-innsbruck-2023\\\/#primaryimage\"},\"thumbnailUrl\":\"https:\\\/\\\/www.roofsec.com\\\/wp-content\\\/uploads\\\/2023\\\/08\\\/Bundespra\u0308sident-Van-der-Bellen-roofSec.jpg\",\"datePublished\":\"2023-08-28T07:59:24+00:00\",\"dateModified\":\"2026-04-01T05:50:10+00:00\",\"description\":\"roofSec pr\u00e4sentiert das Flachdach-Monitoring-System am 69. \u00d6sterreichischen Gemeindetag in Innsbruck. Kommunen entdecken Predictive Maintenance.\",\"breadcrumb\":{\"@id\":\"https:\\\/\\\/www.roofsec.com\\\/de\\\/blog\\\/gemeindetag-innsbruck-2023\\\/#breadcrumb\"},\"inLanguage\":\"de\",\"potentialAction\":[{\"@type\":\"ReadAction\",\"target\":[\"https:\\\/\\\/www.roofsec.com\\\/de\\\/blog\\\/gemeindetag-innsbruck-2023\\\/\"]}]},{\"@type\":\"ImageObject\",\"inLanguage\":\"de\",\"@id\":\"https:\\\/\\\/www.roofsec.com\\\/de\\\/blog\\\/gemeindetag-innsbruck-2023\\\/#primaryimage\",\"url\":\"https:\\\/\\\/www.roofsec.com\\\/wp-content\\\/uploads\\\/2023\\\/08\\\/Bundespra\u0308sident-Van-der-Bellen-roofSec.jpg\",\"contentUrl\":\"https:\\\/\\\/www.roofsec.com\\\/wp-content\\\/uploads\\\/2023\\\/08\\\/Bundespra\u0308sident-Van-der-Bellen-roofSec.jpg\",\"width\":1200,\"height\":1018,\"caption\":\"Bundespr\u00e4sident Dr. Van der Bellen\"},{\"@type\":\"BreadcrumbList\",\"@id\":\"https:\\\/\\\/www.roofsec.com\\\/de\\\/blog\\\/gemeindetag-innsbruck-2023\\\/#breadcrumb\",\"itemListElement\":[{\"@type\":\"ListItem\",\"position\":1,\"name\":\"Start\",\"item\":\"https:\\\/\\\/www.roofsec.com\\\/\"},{\"@type\":\"ListItem\",\"position\":2,\"name\":\"roofSec am 69. \u00d6sterreichischen Gemeindetag in Innsbruck\"}]},{\"@type\":\"WebSite\",\"@id\":\"https:\\\/\\\/www.roofsec.com\\\/de\\\/#website\",\"url\":\"https:\\\/\\\/www.roofsec.com\\\/de\\\/\",\"name\":\"roofSec\",\"description\":\"Das Flachdach der Zukunft\",\"publisher\":{\"@id\":\"https:\\\/\\\/www.roofsec.com\\\/de\\\/#organization\"},\"potentialAction\":[{\"@type\":\"SearchAction\",\"target\":{\"@type\":\"EntryPoint\",\"urlTemplate\":\"https:\\\/\\\/www.roofsec.com\\\/de\\\/?s={search_term_string}\"},\"query-input\":{\"@type\":\"PropertyValueSpecification\",\"valueRequired\":true,\"valueName\":\"search_term_string\"}}],\"inLanguage\":\"de\"},{\"@type\":\"Organization\",\"@id\":\"https:\\\/\\\/www.roofsec.com\\\/de\\\/#organization\",\"name\":\"roofSec GmbH\",\"url\":\"https:\\\/\\\/www.roofsec.com\\\/de\\\/\",\"logo\":{\"@type\":\"ImageObject\",\"inLanguage\":\"de\",\"@id\":\"https:\\\/\\\/www.roofsec.com\\\/de\\\/#\\\/schema\\\/logo\\\/image\\\/\",\"url\":\"https:\\\/\\\/www.roofsec.com\\\/wp-content\\\/uploads\\\/2022\\\/10\\\/cropped-roofSec-logo.png\",\"contentUrl\":\"https:\\\/\\\/www.roofsec.com\\\/wp-content\\\/uploads\\\/2022\\\/10\\\/cropped-roofSec-logo.png\",\"width\":600,\"height\":147,\"caption\":\"roofSec GmbH\"},\"image\":{\"@id\":\"https:\\\/\\\/www.roofsec.com\\\/de\\\/#\\\/schema\\\/logo\\\/image\\\/\"},\"sameAs\":[\"https:\\\/\\\/www.facebook.com\\\/Roofsec\",\"https:\\\/\\\/www.linkedin.com\\\/company\\\/roofsec\\\/\"]},{\"@type\":\"Person\",\"@id\":\"https:\\\/\\\/www.roofsec.com\\\/de\\\/#\\\/schema\\\/person\\\/7520a1d6507a5737e11138cae8a29ceb\",\"name\":\"Michael Prinz\",\"image\":{\"@type\":\"ImageObject\",\"inLanguage\":\"de\",\"@id\":\"https:\\\/\\\/secure.gravatar.com\\\/avatar\\\/7ae55a7b9d5025407a00afec5e3ebf9b72c75560b7393aaab0e64726739c5f31?s=96&d=mm&r=g\",\"url\":\"https:\\\/\\\/secure.gravatar.com\\\/avatar\\\/7ae55a7b9d5025407a00afec5e3ebf9b72c75560b7393aaab0e64726739c5f31?s=96&d=mm&r=g\",\"contentUrl\":\"https:\\\/\\\/secure.gravatar.com\\\/avatar\\\/7ae55a7b9d5025407a00afec5e3ebf9b72c75560b7393aaab0e64726739c5f31?s=96&d=mm&r=g\",\"caption\":\"Michael Prinz\"},\"sameAs\":[\"https:\\\/\\\/www.roofsec.com\"],\"url\":\"https:\\\/\\\/www.roofsec.com\\\/de\\\/blog\\\/author\\\/michael\\\/\"}]}<\/script>\n<!-- \/ Yoast SEO plugin. -->","yoast_head_json":{"title":"roofSec am 69. \u00d6sterreichischen Gemeindetag in Innsbruck","description":"roofSec pr\u00e4sentiert das Flachdach-Monitoring-System am 69. \u00d6sterreichischen Gemeindetag in Innsbruck. Kommunen entdecken Predictive Maintenance.","robots":{"index":"index","follow":"follow","max-snippet":"max-snippet:-1","max-image-preview":"max-image-preview:large","max-video-preview":"max-video-preview:-1"},"canonical":"https:\/\/www.roofsec.com\/de\/blog\/gemeindetag-innsbruck-2023\/","og_locale":"de_DE","og_type":"article","og_title":"roofSec am 69. \u00d6sterreichischen Gemeindetag in Innsbruck","og_description":"roofSec pr\u00e4sentiert das Flachdach-Monitoring-System am 69. \u00d6sterreichischen Gemeindetag in Innsbruck. Kommunen entdecken Predictive Maintenance.","og_url":"https:\/\/www.roofsec.com\/de\/blog\/gemeindetag-innsbruck-2023\/","og_site_name":"roofSec","article_publisher":"https:\/\/www.facebook.com\/Roofsec","article_published_time":"2023-08-28T07:59:24+00:00","article_modified_time":"2026-04-01T05:50:10+00:00","og_image":[{"width":1200,"height":1018,"url":"https:\/\/www.roofsec.com\/wp-content\/uploads\/2023\/08\/Bundespra\u0308sident-Van-der-Bellen-roofSec.jpg","type":"image\/jpeg"}],"author":"Michael Prinz","twitter_card":"summary_large_image","twitter_misc":{"Verfasst von":"Michael Prinz","Gesch\u00e4tzte Lesezeit":"1\u00a0Minute"},"schema":{"@context":"https:\/\/schema.org","@graph":[{"@type":"Article","@id":"https:\/\/www.roofsec.com\/de\/blog\/gemeindetag-innsbruck-2023\/#article","isPartOf":{"@id":"https:\/\/www.roofsec.com\/de\/blog\/gemeindetag-innsbruck-2023\/"},"author":{"name":"Michael Prinz","@id":"https:\/\/www.roofsec.com\/de\/#\/schema\/person\/7520a1d6507a5737e11138cae8a29ceb"},"headline":"roofSec am 69. \u00d6sterreichischen Gemeindetag in Innsbruck","datePublished":"2023-08-28T07:59:24+00:00","dateModified":"2026-04-01T05:50:10+00:00","mainEntityOfPage":{"@id":"https:\/\/www.roofsec.com\/de\/blog\/gemeindetag-innsbruck-2023\/"},"wordCount":305,"commentCount":0,"publisher":{"@id":"https:\/\/www.roofsec.com\/de\/#organization"},"image":{"@id":"https:\/\/www.roofsec.com\/de\/blog\/gemeindetag-innsbruck-2023\/#primaryimage"},"thumbnailUrl":"https:\/\/www.roofsec.com\/wp-content\/uploads\/2023\/08\/Bundespra\u0308sident-Van-der-Bellen-roofSec.jpg","articleSection":["Unternehmen"],"inLanguage":"de","potentialAction":[{"@type":"CommentAction","name":"Comment","target":["https:\/\/www.roofsec.com\/de\/blog\/gemeindetag-innsbruck-2023\/#respond"]}]},{"@type":"WebPage","@id":"https:\/\/www.roofsec.com\/de\/blog\/gemeindetag-innsbruck-2023\/","url":"https:\/\/www.roofsec.com\/de\/blog\/gemeindetag-innsbruck-2023\/","name":"roofSec am 69. \u00d6sterreichischen Gemeindetag in Innsbruck","isPartOf":{"@id":"https:\/\/www.roofsec.com\/de\/#website"},"primaryImageOfPage":{"@id":"https:\/\/www.roofsec.com\/de\/blog\/gemeindetag-innsbruck-2023\/#primaryimage"},"image":{"@id":"https:\/\/www.roofsec.com\/de\/blog\/gemeindetag-innsbruck-2023\/#primaryimage"},"thumbnailUrl":"https:\/\/www.roofsec.com\/wp-content\/uploads\/2023\/08\/Bundespra\u0308sident-Van-der-Bellen-roofSec.jpg","datePublished":"2023-08-28T07:59:24+00:00","dateModified":"2026-04-01T05:50:10+00:00","description":"roofSec pr\u00e4sentiert das Flachdach-Monitoring-System am 69. \u00d6sterreichischen Gemeindetag in Innsbruck. Kommunen entdecken Predictive Maintenance.","breadcrumb":{"@id":"https:\/\/www.roofsec.com\/de\/blog\/gemeindetag-innsbruck-2023\/#breadcrumb"},"inLanguage":"de","potentialAction":[{"@type":"ReadAction","target":["https:\/\/www.roofsec.com\/de\/blog\/gemeindetag-innsbruck-2023\/"]}]},{"@type":"ImageObject","inLanguage":"de","@id":"https:\/\/www.roofsec.com\/de\/blog\/gemeindetag-innsbruck-2023\/#primaryimage","url":"https:\/\/www.roofsec.com\/wp-content\/uploads\/2023\/08\/Bundespra\u0308sident-Van-der-Bellen-roofSec.jpg","contentUrl":"https:\/\/www.roofsec.com\/wp-content\/uploads\/2023\/08\/Bundespra\u0308sident-Van-der-Bellen-roofSec.jpg","width":1200,"height":1018,"caption":"Bundespr\u00e4sident Dr. Van der Bellen"},{"@type":"BreadcrumbList","@id":"https:\/\/www.roofsec.com\/de\/blog\/gemeindetag-innsbruck-2023\/#breadcrumb","itemListElement":[{"@type":"ListItem","position":1,"name":"Start","item":"https:\/\/www.roofsec.com\/"},{"@type":"ListItem","position":2,"name":"roofSec am 69. \u00d6sterreichischen Gemeindetag in Innsbruck"}]},{"@type":"WebSite","@id":"https:\/\/www.roofsec.com\/de\/#website","url":"https:\/\/www.roofsec.com\/de\/","name":"roofSec","description":"Das Flachdach der Zukunft","publisher":{"@id":"https:\/\/www.roofsec.com\/de\/#organization"},"potentialAction":[{"@type":"SearchAction","target":{"@type":"EntryPoint","urlTemplate":"https:\/\/www.roofsec.com\/de\/?s={search_term_string}"},"query-input":{"@type":"PropertyValueSpecification","valueRequired":true,"valueName":"search_term_string"}}],"inLanguage":"de"},{"@type":"Organization","@id":"https:\/\/www.roofsec.com\/de\/#organization","name":"roofSec GmbH","url":"https:\/\/www.roofsec.com\/de\/","logo":{"@type":"ImageObject","inLanguage":"de","@id":"https:\/\/www.roofsec.com\/de\/#\/schema\/logo\/image\/","url":"https:\/\/www.roofsec.com\/wp-content\/uploads\/2022\/10\/cropped-roofSec-logo.png","contentUrl":"https:\/\/www.roofsec.com\/wp-content\/uploads\/2022\/10\/cropped-roofSec-logo.png","width":600,"height":147,"caption":"roofSec GmbH"},"image":{"@id":"https:\/\/www.roofsec.com\/de\/#\/schema\/logo\/image\/"},"sameAs":["https:\/\/www.facebook.com\/Roofsec","https:\/\/www.linkedin.com\/company\/roofsec\/"]},{"@type":"Person","@id":"https:\/\/www.roofsec.com\/de\/#\/schema\/person\/7520a1d6507a5737e11138cae8a29ceb","name":"Michael Prinz","image":{"@type":"ImageObject","inLanguage":"de","@id":"https:\/\/secure.gravatar.com\/avatar\/7ae55a7b9d5025407a00afec5e3ebf9b72c75560b7393aaab0e64726739c5f31?s=96&d=mm&r=g","url":"https:\/\/secure.gravatar.com\/avatar\/7ae55a7b9d5025407a00afec5e3ebf9b72c75560b7393aaab0e64726739c5f31?s=96&d=mm&r=g","contentUrl":"https:\/\/secure.gravatar.com\/avatar\/7ae55a7b9d5025407a00afec5e3ebf9b72c75560b7393aaab0e64726739c5f31?s=96&d=mm&r=g","caption":"Michael Prinz"},"sameAs":["https:\/\/www.roofsec.com"],"url":"https:\/\/www.roofsec.com\/de\/blog\/author\/michael\/"}]}},"_links":{"self":[{"href":"https:\/\/www.roofsec.com\/de\/wp-json\/wp\/v2\/posts\/1540","targetHints":{"allow":["GET"]}}],"collection":[{"href":"https:\/\/www.roofsec.com\/de\/wp-json\/wp\/v2\/posts"}],"about":[{"href":"https:\/\/www.roofsec.com\/de\/wp-json\/wp\/v2\/types\/post"}],"author":[{"embeddable":true,"href":"https:\/\/www.roofsec.com\/de\/wp-json\/wp\/v2\/users\/1"}],"replies":[{"embeddable":true,"href":"https:\/\/www.roofsec.com\/de\/wp-json\/wp\/v2\/comments?post=1540"}],"version-history":[{"count":8,"href":"https:\/\/www.roofsec.com\/de\/wp-json\/wp\/v2\/posts\/1540\/revisions"}],"predecessor-version":[{"id":1750,"href":"https:\/\/www.roofsec.com\/de\/wp-json\/wp\/v2\/posts\/1540\/revisions\/1750"}],"wp:featuredmedia":[{"embeddable":true,"href":"https:\/\/www.roofsec.com\/de\/wp-json\/wp\/v2\/media\/1542"}],"wp:attachment":[{"href":"https:\/\/www.roofsec.com\/de\/wp-json\/wp\/v2\/media?parent=1540"}],"wp:term":[{"taxonomy":"category","embeddable":true,"href":"https:\/\/www.roofsec.com\/de\/wp-json\/wp\/v2\/categories?post=1540"},{"taxonomy":"post_tag","embeddable":true,"href":"https:\/\/www.roofsec.com\/de\/wp-json\/wp\/v2\/tags?post=1540"}],"curies":[{"name":"wp","href":"https:\/\/api.w.org\/{rel}","templated":true}]}}